{"id":89,"date":"2020-03-20T00:00:59","date_gmt":"2020-03-20T04:00:59","guid":{"rendered":"http:\/\/pos.demc.ufmg.br\/novomestrado\/?p=89"},"modified":"2020-11-12T18:25:04","modified_gmt":"2020-11-12T22:25:04","slug":"principal","status":"publish","type":"post","link":"https:\/\/pos.demc.ufmg.br\/novomestrado\/?p=89","title":{"rendered":"Principal"},"content":{"rendered":"\n<p><\/p>\n\n\n<h2><strong data-rich-text-format-boundary=\"true\">COMUNICADO<br \/><\/strong><strong>Como medida de combate \u00e0 COVID-19, o atendimento <span style=\"text-decoration: underline;\">presencial<\/span> da secretaria do Curso de Mestrado em Constru\u00e7\u00e3o Civil est\u00e1 suspenso por tempo indeterminado.\u00a0<br data-rich-text-line-break=\"true\" \/>Para esclarecimento de d\u00favidas ou solicita\u00e7\u00f5es, enviar e-mail para: &lt;<\/strong><a href=\"mailto:posgn@icb.ufmg.br\"><strong>mestrado@demc.ufmg.br<\/strong><\/a><strong>&gt;<\/strong>.<\/h2>\n<p>\u00a0<\/p>\n<p>______________________________________________________________________________<\/p>\n<p>O Curso de Mestrado em Constru\u00e7\u00e3o Civil da Universidade Federal de Minas Gerais foi criado em 2005. Historicamente, suas linhas de pesquisa e projetos associados t\u00eam evolu\u00eddo no sentido de acompanhar tend\u00eancias nacionais e internacionais, indo de encontro a demandas de mercado. Assim, em um primeiro momento, os projetos concentraram-se na \u00e1rea de materiais. Em um segundo momento, foram criados projetos de pesquisa na \u00e1rea de gest\u00e3o de empreendimentos de constru\u00e7\u00e3o civil. Atualmente, nas suas diversas linhas, os projetos contemplam os temas de maior interesse tanto no \u00e2mbito acad\u00eamico como de mercado, incluindo a aplica\u00e7\u00e3o de nanomateriais, o reaproveitamento de res\u00edduos de diversos macro setores produtivos, a gest\u00e3o de garantia de desempenho do ambiente constru\u00eddo \u2013 abrangendo quest\u00f5es associadas \u00e0 sustentabilidade e ecoefici\u00eancia \u2013 e a utiliza\u00e7\u00e3o de Tecnologias de Informa\u00e7\u00e3o e Comunica\u00e7\u00e3o na Constru\u00e7\u00e3o. O Mestrado em Constru\u00e7\u00e3o Civil da UFMG vem se caracterizando pelo seu car\u00e1ter transdisciplinar, integrando as suas tr\u00eas grandes \u00e1reas de pesquisa: o estudo dos materiais aplicados \u00e0 constru\u00e7\u00e3o civil, o reaproveitamento de res\u00edduos e a gest\u00e3o dos empreendimentos de constru\u00e7\u00e3o.<\/p>\n<p>Vale ressaltar que o Mestrado em Constru\u00e7\u00e3o Civil tem um forte peso regional, uma vez que a Universidade Federal de Minas Gerais \u00e9 o centro de ensino superior de maior destaque no Estado e a sua p\u00f3s-gradua\u00e7\u00e3o em Constru\u00e7\u00e3o Civil caracteriza-se como um dos programas que d\u00e3o suporte a forma\u00e7\u00e3o de profissionais do setor. Some-se a isso o fato de que o\u00a0Curso forma pesquisadores e profissionais que exercem suas atividades nas mais distintas regi\u00f5es do Estado, acentuando essa sua import\u00e2ncia regional. O Curso conta com a participa\u00e7\u00e3o de professores de dois Departamentos da Escola de Engenharia da UFMG (Engenharia de Materiais e Constru\u00e7\u00e3o e Engenharia de Estruturas), todos envolvidos com pesquisas na \u00e1rea de Engenharia de Constru\u00e7\u00e3o Civil, quer seja especificamente no estudo da rela\u00e7\u00e3o estrutura-propriedades \u2013 processamento dos materiais de constru\u00e7\u00e3o civil, quer seja abordando sua inser\u00e7\u00e3o em sistemas construtivos, quer seja enfocando aspectos gerenciais dos empreendimentos.<\/p>\n<p>\u00a0<\/p>\n<table style=\"height: 65px;\" border=\"1\" width=\"1326\">\n<tbody>\n<tr>\n<td><a href=\"https:\/\/i0.wp.com\/pos.demc.ufmg.br\/novomestrado\/wp-content\/uploads\/2016\/09\/ufmg.png?ssl=1\"><img data-recalc-dims=\"1\" loading=\"lazy\" decoding=\"async\" data-attachment-id=\"177\" data-permalink=\"https:\/\/pos.demc.ufmg.br\/novomestrado\/?attachment_id=177\" data-orig-file=\"https:\/\/i0.wp.com\/pos.demc.ufmg.br\/novomestrado\/wp-content\/uploads\/2016\/09\/ufmg.png?fit=150%2C58&amp;ssl=1\" data-orig-size=\"150,58\" data-comments-opened=\"1\" data-image-meta=\"{&quot;aperture&quot;:&quot;0&quot;,&quot;credit&quot;:&quot;&quot;,&quot;camera&quot;:&quot;&quot;,&quot;caption&quot;:&quot;&quot;,&quot;created_timestamp&quot;:&quot;0&quot;,&quot;copyright&quot;:&quot;&quot;,&quot;focal_length&quot;:&quot;0&quot;,&quot;iso&quot;:&quot;0&quot;,&quot;shutter_speed&quot;:&quot;0&quot;,&quot;title&quot;:&quot;&quot;,&quot;orientation&quot;:&quot;0&quot;}\" data-image-title=\"ufmg\" data-image-description=\"\" data-image-caption=\"\" data-medium-file=\"https:\/\/i0.wp.com\/pos.demc.ufmg.br\/novomestrado\/wp-content\/uploads\/2016\/09\/ufmg.png?fit=150%2C58&amp;ssl=1\" data-large-file=\"https:\/\/i0.wp.com\/pos.demc.ufmg.br\/novomestrado\/wp-content\/uploads\/2016\/09\/ufmg.png?fit=150%2C58&amp;ssl=1\" class=\"alignleft size-full wp-image-177\" src=\"https:\/\/i0.wp.com\/pos.demc.ufmg.br\/novomestrado\/wp-content\/uploads\/2016\/09\/ufmg.png?resize=150%2C58&#038;ssl=1\" alt=\"ufmg\" width=\"150\" height=\"58\" \/><\/a><\/td>\n<td><a href=\"https:\/\/i0.wp.com\/pos.demc.ufmg.br\/novomestrado\/wp-content\/uploads\/2016\/10\/capes.png?ssl=1\"><img data-recalc-dims=\"1\" loading=\"lazy\" decoding=\"async\" data-attachment-id=\"185\" data-permalink=\"https:\/\/pos.demc.ufmg.br\/novomestrado\/?attachment_id=185\" data-orig-file=\"https:\/\/i0.wp.com\/pos.demc.ufmg.br\/novomestrado\/wp-content\/uploads\/2016\/10\/capes.png?fit=150%2C58&amp;ssl=1\" data-orig-size=\"150,58\" data-comments-opened=\"0\" data-image-meta=\"{&quot;aperture&quot;:&quot;0&quot;,&quot;credit&quot;:&quot;&quot;,&quot;camera&quot;:&quot;&quot;,&quot;caption&quot;:&quot;&quot;,&quot;created_timestamp&quot;:&quot;0&quot;,&quot;copyright&quot;:&quot;&quot;,&quot;focal_length&quot;:&quot;0&quot;,&quot;iso&quot;:&quot;0&quot;,&quot;shutter_speed&quot;:&quot;0&quot;,&quot;title&quot;:&quot;&quot;,&quot;orientation&quot;:&quot;0&quot;}\" data-image-title=\"capes\" data-image-description=\"\" data-image-caption=\"\" data-medium-file=\"https:\/\/i0.wp.com\/pos.demc.ufmg.br\/novomestrado\/wp-content\/uploads\/2016\/10\/capes.png?fit=150%2C58&amp;ssl=1\" data-large-file=\"https:\/\/i0.wp.com\/pos.demc.ufmg.br\/novomestrado\/wp-content\/uploads\/2016\/10\/capes.png?fit=150%2C58&amp;ssl=1\" class=\"alignleft size-full wp-image-185\" src=\"https:\/\/i0.wp.com\/pos.demc.ufmg.br\/novomestrado\/wp-content\/uploads\/2016\/10\/capes.png?resize=150%2C58&#038;ssl=1\" alt=\"capes\" width=\"150\" height=\"58\" \/><\/a><\/td>\n<td><a href=\"https:\/\/i0.wp.com\/pos.demc.ufmg.br\/novomestrado\/wp-content\/uploads\/2016\/10\/cnpq.jpg?ssl=1\"><img data-recalc-dims=\"1\" loading=\"lazy\" decoding=\"async\" data-attachment-id=\"208\" data-permalink=\"https:\/\/pos.demc.ufmg.br\/novomestrado\/?attachment_id=208\" data-orig-file=\"https:\/\/i0.wp.com\/pos.demc.ufmg.br\/novomestrado\/wp-content\/uploads\/2016\/10\/cnpq.jpg?fit=150%2C64&amp;ssl=1\" data-orig-size=\"150,64\" data-comments-opened=\"0\" data-image-meta=\"{&quot;aperture&quot;:&quot;0&quot;,&quot;credit&quot;:&quot;&quot;,&quot;camera&quot;:&quot;&quot;,&quot;caption&quot;:&quot;&quot;,&quot;created_timestamp&quot;:&quot;0&quot;,&quot;copyright&quot;:&quot;&quot;,&quot;focal_length&quot;:&quot;0&quot;,&quot;iso&quot;:&quot;0&quot;,&quot;shutter_speed&quot;:&quot;0&quot;,&quot;title&quot;:&quot;&quot;,&quot;orientation&quot;:&quot;0&quot;}\" data-image-title=\"cnpq\" data-image-description=\"\" data-image-caption=\"\" data-medium-file=\"https:\/\/i0.wp.com\/pos.demc.ufmg.br\/novomestrado\/wp-content\/uploads\/2016\/10\/cnpq.jpg?fit=150%2C64&amp;ssl=1\" data-large-file=\"https:\/\/i0.wp.com\/pos.demc.ufmg.br\/novomestrado\/wp-content\/uploads\/2016\/10\/cnpq.jpg?fit=150%2C64&amp;ssl=1\" class=\"alignleft size-full wp-image-208\" src=\"https:\/\/i0.wp.com\/pos.demc.ufmg.br\/novomestrado\/wp-content\/uploads\/2016\/10\/cnpq.jpg?resize=150%2C64&#038;ssl=1\" alt=\"cnpq\" width=\"150\" height=\"64\" \/><\/a><\/td>\n<\/tr>\n<tr>\n<td>PRIMEIRA COLUNA<\/td>\n<td>SEGUNDA COLUNA<\/td>\n<td>TERCEIRA COLUNA<\/td>\n<\/tr>\n<\/tbody>\n<\/table>","protected":false},"excerpt":{"rendered":"<p>COMUNICADOComo medida de combate \u00e0 COVID-19, o atendimento presencial da secretaria do Curso de Mestrado em Constru\u00e7\u00e3o Civil est\u00e1 suspenso por tempo indeterminado.\u00a0Para esclarecimento de d\u00favidas ou solicita\u00e7\u00f5es, enviar e-mail para: &lt;mestrado@demc.ufmg.br&gt;. \u00a0 ______________________________________________________________________________ O Curso de Mestrado em Constru\u00e7\u00e3o <a href=\"https:\/\/pos.demc.ufmg.br\/novomestrado\/?p=89\"> Read more&#8230;<\/a><\/p>\n","protected":false},"author":1,"featured_media":0,"comment_status":"open","ping_status":"open","sticky":false,"template":"","format":"standard","meta":{"_jetpack_memberships_contains_paid_content":false,"footnotes":"","jetpack_publicize_message":"","jetpack_publicize_feature_enabled":true,"jetpack_social_post_already_shared":true,"jetpack_social_options":{"image_generator_settings":{"template":"highway","enabled":false},"version":2}},"categories":[4],"tags":[],"class_list":["post-89","post","type-post","status-publish","format-standard","hentry","category-principal"],"jetpack_publicize_connections":[],"yoast_head":"<!-- This site is optimized with the Yoast SEO plugin v23.9 - https:\/\/yoast.com\/wordpress\/plugins\/seo\/ -->\n<title>Principal - Mestrado em Constru\u00e7\u00e3o Civil<\/title>\n<meta name=\"robots\" content=\"index, follow, max-snippet:-1, max-image-preview:large, max-video-preview:-1\" \/>\n<link rel=\"canonical\" href=\"https:\/\/pos.demc.ufmg.br\/novomestrado\/?p=89\" \/>\n<meta property=\"og:locale\" content=\"pt_BR\" \/>\n<meta property=\"og:type\" content=\"article\" \/>\n<meta property=\"og:title\" content=\"Principal - Mestrado em Constru\u00e7\u00e3o Civil\" \/>\n<meta property=\"og:description\" content=\"COMUNICADOComo medida de combate \u00e0 COVID-19, o atendimento presencial da secretaria do Curso de Mestrado em Constru\u00e7\u00e3o Civil est\u00e1 suspenso por tempo indeterminado.\u00a0Para esclarecimento de d\u00favidas ou solicita\u00e7\u00f5es, enviar e-mail para: &lt;mestrado@demc.ufmg.br&gt;. \u00a0 ______________________________________________________________________________ O Curso de Mestrado em Constru\u00e7\u00e3o Read more&#8230;\" \/>\n<meta property=\"og:url\" content=\"https:\/\/pos.demc.ufmg.br\/novomestrado\/?p=89\" \/>\n<meta property=\"og:site_name\" content=\"Mestrado em Constru\u00e7\u00e3o Civil\" \/>\n<meta property=\"article:published_time\" content=\"2020-03-20T04:00:59+00:00\" \/>\n<meta property=\"article:modified_time\" content=\"2020-11-12T22:25:04+00:00\" \/>\n<meta property=\"og:image\" content=\"http:\/\/pos.demc.ufmg.br\/novomestrado\/wp-content\/uploads\/2016\/09\/ufmg.png\" \/>\n<meta name=\"author\" content=\"Se\u00e7\u00e3o de Tecnologia da Informa\u00e7\u00e3o\" \/>\n<meta name=\"twitter:card\" content=\"summary_large_image\" \/>\n<meta name=\"twitter:label1\" content=\"Escrito por\" \/>\n\t<meta name=\"twitter:data1\" content=\"Se\u00e7\u00e3o de Tecnologia da Informa\u00e7\u00e3o\" \/>\n\t<meta name=\"twitter:label2\" content=\"Est. tempo de leitura\" \/>\n\t<meta name=\"twitter:data2\" content=\"2 minutos\" \/>\n<script type=\"application\/ld+json\" class=\"yoast-schema-graph\">{\"@context\":\"https:\/\/schema.org\",\"@graph\":[{\"@type\":\"Article\",\"@id\":\"https:\/\/pos.demc.ufmg.br\/novomestrado\/?p=89#article\",\"isPartOf\":{\"@id\":\"https:\/\/pos.demc.ufmg.br\/novomestrado\/?p=89\"},\"author\":{\"name\":\"Se\u00e7\u00e3o de Tecnologia da Informa\u00e7\u00e3o\",\"@id\":\"https:\/\/pos.demc.ufmg.br\/novomestrado\/#\/schema\/person\/21f4bcde01d674b368e286383a78c5c1\"},\"headline\":\"Principal\",\"datePublished\":\"2020-03-20T04:00:59+00:00\",\"dateModified\":\"2020-11-12T22:25:04+00:00\",\"mainEntityOfPage\":{\"@id\":\"https:\/\/pos.demc.ufmg.br\/novomestrado\/?p=89\"},\"wordCount\":404,\"commentCount\":0,\"publisher\":{\"@id\":\"https:\/\/pos.demc.ufmg.br\/novomestrado\/#organization\"},\"image\":{\"@id\":\"https:\/\/pos.demc.ufmg.br\/novomestrado\/?p=89#primaryimage\"},\"thumbnailUrl\":\"http:\/\/pos.demc.ufmg.br\/novomestrado\/wp-content\/uploads\/2016\/09\/ufmg.png\",\"articleSection\":[\"PRINCIPAL\"],\"inLanguage\":\"pt-BR\",\"potentialAction\":[{\"@type\":\"CommentAction\",\"name\":\"Comment\",\"target\":[\"https:\/\/pos.demc.ufmg.br\/novomestrado\/?p=89#respond\"]}]},{\"@type\":\"WebPage\",\"@id\":\"https:\/\/pos.demc.ufmg.br\/novomestrado\/?p=89\",\"url\":\"https:\/\/pos.demc.ufmg.br\/novomestrado\/?p=89\",\"name\":\"Principal - Mestrado em Constru\u00e7\u00e3o Civil\",\"isPartOf\":{\"@id\":\"https:\/\/pos.demc.ufmg.br\/novomestrado\/#website\"},\"primaryImageOfPage\":{\"@id\":\"https:\/\/pos.demc.ufmg.br\/novomestrado\/?p=89#primaryimage\"},\"image\":{\"@id\":\"https:\/\/pos.demc.ufmg.br\/novomestrado\/?p=89#primaryimage\"},\"thumbnailUrl\":\"http:\/\/pos.demc.ufmg.br\/novomestrado\/wp-content\/uploads\/2016\/09\/ufmg.png\",\"datePublished\":\"2020-03-20T04:00:59+00:00\",\"dateModified\":\"2020-11-12T22:25:04+00:00\",\"breadcrumb\":{\"@id\":\"https:\/\/pos.demc.ufmg.br\/novomestrado\/?p=89#breadcrumb\"},\"inLanguage\":\"pt-BR\",\"potentialAction\":[{\"@type\":\"ReadAction\",\"target\":[\"https:\/\/pos.demc.ufmg.br\/novomestrado\/?p=89\"]}]},{\"@type\":\"ImageObject\",\"inLanguage\":\"pt-BR\",\"@id\":\"https:\/\/pos.demc.ufmg.br\/novomestrado\/?p=89#primaryimage\",\"url\":\"http:\/\/pos.demc.ufmg.br\/novomestrado\/wp-content\/uploads\/2016\/09\/ufmg.png\",\"contentUrl\":\"http:\/\/pos.demc.ufmg.br\/novomestrado\/wp-content\/uploads\/2016\/09\/ufmg.png\"},{\"@type\":\"BreadcrumbList\",\"@id\":\"https:\/\/pos.demc.ufmg.br\/novomestrado\/?p=89#breadcrumb\",\"itemListElement\":[{\"@type\":\"ListItem\",\"position\":1,\"name\":\"In\u00edcio\",\"item\":\"https:\/\/pos.demc.ufmg.br\/novomestrado\/\"},{\"@type\":\"ListItem\",\"position\":2,\"name\":\"Principal\"}]},{\"@type\":\"WebSite\",\"@id\":\"https:\/\/pos.demc.ufmg.br\/novomestrado\/#website\",\"url\":\"https:\/\/pos.demc.ufmg.br\/novomestrado\/\",\"name\":\"Mestrado em Constru\u00e7\u00e3o Civil\",\"description\":\"P\u00f3s gradua\u00e7\u00e3o em Constru\u00e7\u00e3o Civil\",\"publisher\":{\"@id\":\"https:\/\/pos.demc.ufmg.br\/novomestrado\/#organization\"},\"potentialAction\":[{\"@type\":\"SearchAction\",\"target\":{\"@type\":\"EntryPoint\",\"urlTemplate\":\"https:\/\/pos.demc.ufmg.br\/novomestrado\/?s={search_term_string}\"},\"query-input\":{\"@type\":\"PropertyValueSpecification\",\"valueRequired\":true,\"valueName\":\"search_term_string\"}}],\"inLanguage\":\"pt-BR\"},{\"@type\":\"Organization\",\"@id\":\"https:\/\/pos.demc.ufmg.br\/novomestrado\/#organization\",\"name\":\"Mestrado em Constru\u00e7\u00e3o Civil\",\"url\":\"https:\/\/pos.demc.ufmg.br\/novomestrado\/\",\"logo\":{\"@type\":\"ImageObject\",\"inLanguage\":\"pt-BR\",\"@id\":\"https:\/\/pos.demc.ufmg.br\/novomestrado\/#\/schema\/logo\/image\/\",\"url\":\"https:\/\/i0.wp.com\/pos.demc.ufmg.br\/novomestrado\/wp-content\/uploads\/2017\/03\/logo11.jpg?fit=200%2C166&ssl=1\",\"contentUrl\":\"https:\/\/i0.wp.com\/pos.demc.ufmg.br\/novomestrado\/wp-content\/uploads\/2017\/03\/logo11.jpg?fit=200%2C166&ssl=1\",\"width\":200,\"height\":166,\"caption\":\"Mestrado em Constru\u00e7\u00e3o Civil\"},\"image\":{\"@id\":\"https:\/\/pos.demc.ufmg.br\/novomestrado\/#\/schema\/logo\/image\/\"}},{\"@type\":\"Person\",\"@id\":\"https:\/\/pos.demc.ufmg.br\/novomestrado\/#\/schema\/person\/21f4bcde01d674b368e286383a78c5c1\",\"name\":\"Se\u00e7\u00e3o de Tecnologia da Informa\u00e7\u00e3o\",\"image\":{\"@type\":\"ImageObject\",\"inLanguage\":\"pt-BR\",\"@id\":\"https:\/\/pos.demc.ufmg.br\/novomestrado\/#\/schema\/person\/image\/\",\"url\":\"https:\/\/secure.gravatar.com\/avatar\/fc7e01386c2f63301180be4d7beb031f?s=96&d=mm&r=g\",\"contentUrl\":\"https:\/\/secure.gravatar.com\/avatar\/fc7e01386c2f63301180be4d7beb031f?s=96&d=mm&r=g\",\"caption\":\"Se\u00e7\u00e3o de Tecnologia da Informa\u00e7\u00e3o\"},\"url\":\"https:\/\/pos.demc.ufmg.br\/novomestrado\/?author=1\"}]}<\/script>\n<!-- \/ Yoast SEO plugin. -->","yoast_head_json":{"title":"Principal - Mestrado em Constru\u00e7\u00e3o Civil","robots":{"index":"index","follow":"follow","max-snippet":"max-snippet:-1","max-image-preview":"max-image-preview:large","max-video-preview":"max-video-preview:-1"},"canonical":"https:\/\/pos.demc.ufmg.br\/novomestrado\/?p=89","og_locale":"pt_BR","og_type":"article","og_title":"Principal - Mestrado em Constru\u00e7\u00e3o Civil","og_description":"COMUNICADOComo medida de combate \u00e0 COVID-19, o atendimento presencial da secretaria do Curso de Mestrado em Constru\u00e7\u00e3o Civil est\u00e1 suspenso por tempo indeterminado.\u00a0Para esclarecimento de d\u00favidas ou solicita\u00e7\u00f5es, enviar e-mail para: &lt;mestrado@demc.ufmg.br&gt;. \u00a0 ______________________________________________________________________________ O Curso de Mestrado em Constru\u00e7\u00e3o Read more&#8230;","og_url":"https:\/\/pos.demc.ufmg.br\/novomestrado\/?p=89","og_site_name":"Mestrado em Constru\u00e7\u00e3o Civil","article_published_time":"2020-03-20T04:00:59+00:00","article_modified_time":"2020-11-12T22:25:04+00:00","og_image":[{"url":"http:\/\/pos.demc.ufmg.br\/novomestrado\/wp-content\/uploads\/2016\/09\/ufmg.png"}],"author":"Se\u00e7\u00e3o de Tecnologia da Informa\u00e7\u00e3o","twitter_card":"summary_large_image","twitter_misc":{"Escrito por":"Se\u00e7\u00e3o de Tecnologia da Informa\u00e7\u00e3o","Est. tempo de leitura":"2 minutos"},"schema":{"@context":"https:\/\/schema.org","@graph":[{"@type":"Article","@id":"https:\/\/pos.demc.ufmg.br\/novomestrado\/?p=89#article","isPartOf":{"@id":"https:\/\/pos.demc.ufmg.br\/novomestrado\/?p=89"},"author":{"name":"Se\u00e7\u00e3o de Tecnologia da Informa\u00e7\u00e3o","@id":"https:\/\/pos.demc.ufmg.br\/novomestrado\/#\/schema\/person\/21f4bcde01d674b368e286383a78c5c1"},"headline":"Principal","datePublished":"2020-03-20T04:00:59+00:00","dateModified":"2020-11-12T22:25:04+00:00","mainEntityOfPage":{"@id":"https:\/\/pos.demc.ufmg.br\/novomestrado\/?p=89"},"wordCount":404,"commentCount":0,"publisher":{"@id":"https:\/\/pos.demc.ufmg.br\/novomestrado\/#organization"},"image":{"@id":"https:\/\/pos.demc.ufmg.br\/novomestrado\/?p=89#primaryimage"},"thumbnailUrl":"http:\/\/pos.demc.ufmg.br\/novomestrado\/wp-content\/uploads\/2016\/09\/ufmg.png","articleSection":["PRINCIPAL"],"inLanguage":"pt-BR","potentialAction":[{"@type":"CommentAction","name":"Comment","target":["https:\/\/pos.demc.ufmg.br\/novomestrado\/?p=89#respond"]}]},{"@type":"WebPage","@id":"https:\/\/pos.demc.ufmg.br\/novomestrado\/?p=89","url":"https:\/\/pos.demc.ufmg.br\/novomestrado\/?p=89","name":"Principal - Mestrado em Constru\u00e7\u00e3o Civil","isPartOf":{"@id":"https:\/\/pos.demc.ufmg.br\/novomestrado\/#website"},"primaryImageOfPage":{"@id":"https:\/\/pos.demc.ufmg.br\/novomestrado\/?p=89#primaryimage"},"image":{"@id":"https:\/\/pos.demc.ufmg.br\/novomestrado\/?p=89#primaryimage"},"thumbnailUrl":"http:\/\/pos.demc.ufmg.br\/novomestrado\/wp-content\/uploads\/2016\/09\/ufmg.png","datePublished":"2020-03-20T04:00:59+00:00","dateModified":"2020-11-12T22:25:04+00:00","breadcrumb":{"@id":"https:\/\/pos.demc.ufmg.br\/novomestrado\/?p=89#breadcrumb"},"inLanguage":"pt-BR","potentialAction":[{"@type":"ReadAction","target":["https:\/\/pos.demc.ufmg.br\/novomestrado\/?p=89"]}]},{"@type":"ImageObject","inLanguage":"pt-BR","@id":"https:\/\/pos.demc.ufmg.br\/novomestrado\/?p=89#primaryimage","url":"http:\/\/pos.demc.ufmg.br\/novomestrado\/wp-content\/uploads\/2016\/09\/ufmg.png","contentUrl":"http:\/\/pos.demc.ufmg.br\/novomestrado\/wp-content\/uploads\/2016\/09\/ufmg.png"},{"@type":"BreadcrumbList","@id":"https:\/\/pos.demc.ufmg.br\/novomestrado\/?p=89#breadcrumb","itemListElement":[{"@type":"ListItem","position":1,"name":"In\u00edcio","item":"https:\/\/pos.demc.ufmg.br\/novomestrado\/"},{"@type":"ListItem","position":2,"name":"Principal"}]},{"@type":"WebSite","@id":"https:\/\/pos.demc.ufmg.br\/novomestrado\/#website","url":"https:\/\/pos.demc.ufmg.br\/novomestrado\/","name":"Mestrado em Constru\u00e7\u00e3o Civil","description":"P\u00f3s gradua\u00e7\u00e3o em Constru\u00e7\u00e3o Civil","publisher":{"@id":"https:\/\/pos.demc.ufmg.br\/novomestrado\/#organization"},"potentialAction":[{"@type":"SearchAction","target":{"@type":"EntryPoint","urlTemplate":"https:\/\/pos.demc.ufmg.br\/novomestrado\/?s={search_term_string}"},"query-input":{"@type":"PropertyValueSpecification","valueRequired":true,"valueName":"search_term_string"}}],"inLanguage":"pt-BR"},{"@type":"Organization","@id":"https:\/\/pos.demc.ufmg.br\/novomestrado\/#organization","name":"Mestrado em Constru\u00e7\u00e3o Civil","url":"https:\/\/pos.demc.ufmg.br\/novomestrado\/","logo":{"@type":"ImageObject","inLanguage":"pt-BR","@id":"https:\/\/pos.demc.ufmg.br\/novomestrado\/#\/schema\/logo\/image\/","url":"https:\/\/i0.wp.com\/pos.demc.ufmg.br\/novomestrado\/wp-content\/uploads\/2017\/03\/logo11.jpg?fit=200%2C166&ssl=1","contentUrl":"https:\/\/i0.wp.com\/pos.demc.ufmg.br\/novomestrado\/wp-content\/uploads\/2017\/03\/logo11.jpg?fit=200%2C166&ssl=1","width":200,"height":166,"caption":"Mestrado em Constru\u00e7\u00e3o Civil"},"image":{"@id":"https:\/\/pos.demc.ufmg.br\/novomestrado\/#\/schema\/logo\/image\/"}},{"@type":"Person","@id":"https:\/\/pos.demc.ufmg.br\/novomestrado\/#\/schema\/person\/21f4bcde01d674b368e286383a78c5c1","name":"Se\u00e7\u00e3o de Tecnologia da Informa\u00e7\u00e3o","image":{"@type":"ImageObject","inLanguage":"pt-BR","@id":"https:\/\/pos.demc.ufmg.br\/novomestrado\/#\/schema\/person\/image\/","url":"https:\/\/secure.gravatar.com\/avatar\/fc7e01386c2f63301180be4d7beb031f?s=96&d=mm&r=g","contentUrl":"https:\/\/secure.gravatar.com\/avatar\/fc7e01386c2f63301180be4d7beb031f?s=96&d=mm&r=g","caption":"Se\u00e7\u00e3o de Tecnologia da Informa\u00e7\u00e3o"},"url":"https:\/\/pos.demc.ufmg.br\/novomestrado\/?author=1"}]}},"jetpack_featured_media_url":"","jetpack_sharing_enabled":true,"jetpack_shortlink":"https:\/\/wp.me\/paPkm3-1r","jetpack-related-posts":[],"_links":{"self":[{"href":"https:\/\/pos.demc.ufmg.br\/novomestrado\/index.php?rest_route=\/wp\/v2\/posts\/89","targetHints":{"allow":["GET"]}}],"collection":[{"href":"https:\/\/pos.demc.ufmg.br\/novomestrado\/index.php?rest_route=\/wp\/v2\/posts"}],"about":[{"href":"https:\/\/pos.demc.ufmg.br\/novomestrado\/index.php?rest_route=\/wp\/v2\/types\/post"}],"author":[{"embeddable":true,"href":"https:\/\/pos.demc.ufmg.br\/novomestrado\/index.php?rest_route=\/wp\/v2\/users\/1"}],"replies":[{"embeddable":true,"href":"https:\/\/pos.demc.ufmg.br\/novomestrado\/index.php?rest_route=%2Fwp%2Fv2%2Fcomments&post=89"}],"version-history":[{"count":13,"href":"https:\/\/pos.demc.ufmg.br\/novomestrado\/index.php?rest_route=\/wp\/v2\/posts\/89\/revisions"}],"predecessor-version":[{"id":2067,"href":"https:\/\/pos.demc.ufmg.br\/novomestrado\/index.php?rest_route=\/wp\/v2\/posts\/89\/revisions\/2067"}],"wp:attachment":[{"href":"https:\/\/pos.demc.ufmg.br\/novomestrado\/index.php?rest_route=%2Fwp%2Fv2%2Fmedia&parent=89"}],"wp:term":[{"taxonomy":"category","embeddable":true,"href":"https:\/\/pos.demc.ufmg.br\/novomestrado\/index.php?rest_route=%2Fwp%2Fv2%2Fcategories&post=89"},{"taxonomy":"post_tag","embeddable":true,"href":"https:\/\/pos.demc.ufmg.br\/novomestrado\/index.php?rest_route=%2Fwp%2Fv2%2Ftags&post=89"}],"curies":[{"name":"wp","href":"https:\/\/api.w.org\/{rel}","templated":true}]}}